{"id":781,"date":"2022-10-14T17:05:06","date_gmt":"2022-10-14T20:05:06","guid":{"rendered":"https:\/\/www.planocde.com.br\/?p=781"},"modified":"2022-10-18T14:25:42","modified_gmt":"2022-10-18T17:25:42","slug":"frm-iet-e-fundacao-arymax","status":"publish","type":"post","link":"https:\/\/www.planocde.com.br\/pt\/frm-iet-e-fundacao-arymax\/","title":{"rendered":"FRM, IET E FUNDA\u00c7\u00c3O ARYMAX"},"content":{"rendered":"<p><div class=\"fusion-fullwidth fullwidth-box nonhundred-percent-fullwidth non-hundred-percent-height-scrolling\"  style='background-color: rgba(255,255,255,0);background-position: center center;background-repeat: no-repeat;padding-top:0px;padding-right:0px;padding-bottom:20px;padding-left:0px;'><div class=\"fusion-builder-row fusion-row \"><div  class=\"fusion-layout-column fusion_builder_column fusion_builder_column_1_3  fusion-one-third fusion-column-first 1_3\"  style='margin-top:0px;margin-bottom:0px;width:30.6666%; margin-right: 4%;'>\r\n\t\t\t\t\t<div class=\"fusion-column-wrapper\" style=\"padding: 0px 0px 0px 0px;background-position:left top;background-repeat:no-repeat;-webkit-background-size:cover;-moz-background-size:cover;-o-background-size:cover;background-size:cover;\"  data-bg-url=\"\">\r\n\t\t\t\t\t\t<span class=\"fusion-imageframe imageframe-none imageframe-1 hover-type-none\"><img loading=\"lazy\" decoding=\"async\" src=\"https:\/\/www.planocde.com.br\/pt\/wp-content\/uploads\/2022\/02\/c6.jpg\" width=\"800\" height=\"373\" alt=\"\" title=\"C6\" class=\"img-responsive wp-image-1247\" srcset=\"https:\/\/www.planocde.com.br\/pt\/wp-content\/uploads\/2022\/02\/c6-200x93.jpg 200w, https:\/\/www.planocde.com.br\/pt\/wp-content\/uploads\/2022\/02\/c6-400x187.jpg 400w, https:\/\/www.planocde.com.br\/pt\/wp-content\/uploads\/2022\/02\/c6-600x280.jpg 600w, https:\/\/www.planocde.com.br\/pt\/wp-content\/uploads\/2022\/02\/c6.jpg 800w\" sizes=\"auto, (max-width: 800px) 100vw, 800px\" \/><\/span><div class=\"fusion-clearfix\"><\/div>\r\n\r\n\t\t\t\t\t<\/div>\r\n\t\t\t\t<\/div><div  class=\"fusion-layout-column fusion_builder_column fusion_builder_column_2_3  fusion-two-third fusion-column-last 2_3\"  style='margin-top:0px;margin-bottom:0px;width:65.3333%'>\r\n\t\t\t\t\t<div class=\"fusion-column-wrapper\" style=\"padding: 0px 0px 0px 0px;background-position:left top;background-repeat:no-repeat;-webkit-background-size:cover;-moz-background-size:cover;-o-background-size:cover;background-size:cover;\"  data-bg-url=\"\">\r\n\t\t\t\t\t\t<div class=\"fusion-text\"><p>A pesquisa nacional de percep\u00e7\u00e3o foi desenvolvida em 2021 para o Ita\u00fa Educa\u00e7\u00e3o e Trabalho e Funda\u00e7\u00e3o Roberto Marinho. Contou com de mais de 1.000 respostas a um question\u00e1rio que investigou a percep\u00e7\u00e3o de estudantes de 9\u00ba. ano do fundamental e 1\u00ba. ano do ensino m\u00e9dio da rede p\u00fablica de ensino sobre escola, trabalho, aprendizagem, Educa\u00e7\u00e3o Profissional e Tecnol\u00f3gica e futuro profissional.<\/p>\n<p>A partir da amostra quantitativa, foram convidados 96 jovens para conversar em trios sobre a escola, seu futuro, anseios e escolhas.<\/p>\n<\/div><div class=\"fusion-clearfix\"><\/div>\r\n\r\n\t\t\t\t\t<\/div>\r\n\t\t\t\t<\/div><\/div><\/div><div class=\"fusion-fullwidth fullwidth-box links-botoes-cases nonhundred-percent-fullwidth non-hundred-percent-height-scrolling\"  style='background-color: rgba(255,255,255,0);background-position: center center;background-repeat: no-repeat;padding-top:0px;padding-right:0px;padding-bottom:20px;padding-left:0px;'><div class=\"fusion-builder-row fusion-row \"><div  class=\"fusion-layout-column fusion_builder_column fusion_builder_column_1_1  fusion-one-full fusion-column-first fusion-column-last 1_1\"  style='margin-top:0px;margin-bottom:0px;'>\r\n\t\t\t\t\t<div class=\"fusion-column-wrapper\" style=\"padding: 0px 0px 0px 0px;background-position:left top;background-repeat:no-repeat;-webkit-background-size:cover;-moz-background-size:cover;-o-background-size:cover;background-size:cover;\"  data-bg-url=\"\">\r\n\t\t\t\t\t\t<div class=\"fusion-text\"><p><strong>CONFIRA A PESQUISA QUANTITATIVA\u00a0<\/strong><a href=\"https:\/\/observatorioept.org.br\/conteudos\/o-que-pensam-os-jovens-sobre-o-ensino-tecnico\" target=\"_blank\" rel=\"noopener noreferrer\"><strong>AQUI<\/strong> <img loading=\"lazy\" decoding=\"async\" class=\"alignnone size-full wp-image-258\" src=\"https:\/\/www.planocde.com.br\/pt\/wp-content\/uploads\/2018\/09\/icone-mais.png\" alt=\"\" width=\"22\" height=\"22\" \/><\/a><\/p>\n<p><strong>CONFIRA A PESQUISA QUALITATIVA\u00a0<\/strong><a href=\"https:\/\/observatorioept.org.br\/conteudos\/o-que-pensam-os-jovens-sobre-o-ensino-tecnico-2-parte-pesquisa-qualitativa\" target=\"_blank\" rel=\"noopener noreferrer\"><strong>AQUI<\/strong> <img loading=\"lazy\" decoding=\"async\" class=\"alignnone size-full wp-image-258\" src=\"https:\/\/www.planocde.com.br\/pt\/wp-content\/uploads\/2018\/09\/icone-mais.png\" alt=\"\" width=\"22\" height=\"22\" \/><\/a><\/p>\n<p><strong>CONFIRA O V\u00cdDEO DE APRESENTA\u00c7\u00c3O<\/strong> <a href=\"https:\/\/www.youtube.com\/watch?v=R_SfItGfjxc\" target=\"_blank\" rel=\"noopener noreferrer\"><strong>AQUI<\/strong> <img loading=\"lazy\" decoding=\"async\" class=\"alignnone size-full wp-image-258\" src=\"https:\/\/www.planocde.com.br\/pt\/wp-content\/uploads\/2018\/09\/icone-mais.png\" alt=\"\" width=\"22\" height=\"22\" \/><\/a><\/p>\n<\/div><div class=\"fusion-clearfix\"><\/div>\r\n\r\n\t\t\t\t\t<\/div>\r\n\t\t\t\t<\/div><\/div><\/div><\/p>\n","protected":false},"excerpt":{"rendered":"<p>O que pensam os jovens sobre o ensino t\u00e9cnico?<\/p>\n","protected":false},"author":2,"featured_media":986,"comment_status":"open","ping_status":"open","sticky":false,"template":"","format":"standard","meta":{"footnotes":"","_links_to":"","_links_to_target":""},"categories":[5],"tags":[],"class_list":["post-781","post","type-post","status-publish","format-standard","has-post-thumbnail","hentry","category-cases"],"yoast_head":"<!-- This site is optimized with the Yoast SEO plugin v25.9 - https:\/\/yoast.com\/wordpress\/plugins\/seo\/ -->\n<title>FRM, IET E FUNDA\u00c7\u00c3O ARYMAX - Plano CDE<\/title>\n<meta name=\"description\" content=\"O que pensam os jovens sobre o ensino t\u00e9cnico? - A partir da amostra quantitativa, foram convidados 96 jovens para conversar em trios sobre a escola, seu futuro, anseios e escolhas. Leia os achados da segunda parte dessa pesquisa tamb\u00e9m realizada pelo Plano CDE, a pedido do Ita\u00fa Educa\u00e7\u00e3o e Trabalho e da Funda\u00e7\u00e3o Roberto Marinho.\u00a0\" \/>\n<meta name=\"robots\" content=\"index, follow, max-snippet:-1, max-image-preview:large, max-video-preview:-1\" \/>\n<link rel=\"canonical\" href=\"https:\/\/www.planocde.com.br\/pt\/frm-iet-e-fundacao-arymax\/\" \/>\n<meta property=\"og:locale\" content=\"pt_BR\" \/>\n<meta property=\"og:type\" content=\"article\" \/>\n<meta property=\"og:title\" content=\"FRM, IET E FUNDA\u00c7\u00c3O ARYMAX - Plano CDE\" \/>\n<meta property=\"og:description\" content=\"O que pensam os jovens sobre o ensino t\u00e9cnico? - A partir da amostra quantitativa, foram convidados 96 jovens para conversar em trios sobre a escola, seu futuro, anseios e escolhas. Leia os achados da segunda parte dessa pesquisa tamb\u00e9m realizada pelo Plano CDE, a pedido do Ita\u00fa Educa\u00e7\u00e3o e Trabalho e da Funda\u00e7\u00e3o Roberto Marinho.\u00a0\" \/>\n<meta property=\"og:url\" content=\"https:\/\/www.planocde.com.br\/pt\/frm-iet-e-fundacao-arymax\/\" \/>\n<meta property=\"og:site_name\" content=\"Plano CDE\" \/>\n<meta property=\"article:published_time\" content=\"2022-10-14T20:05:06+00:00\" \/>\n<meta property=\"article:modified_time\" content=\"2022-10-18T17:25:42+00:00\" \/>\n<meta property=\"og:image\" content=\"https:\/\/www.planocde.com.br\/pt\/wp-content\/uploads\/2022\/02\/case-frm-iet-e-fundacao-ary-max.jpg\" \/>\n\t<meta property=\"og:image:width\" content=\"710\" \/>\n\t<meta property=\"og:image:height\" content=\"419\" \/>\n\t<meta property=\"og:image:type\" content=\"image\/jpeg\" \/>\n<meta name=\"author\" content=\"planocde\" \/>\n<meta name=\"twitter:card\" content=\"summary_large_image\" \/>\n<meta name=\"twitter:label1\" content=\"Escrito por\" \/>\n\t<meta name=\"twitter:data1\" content=\"planocde\" \/>\n\t<meta name=\"twitter:label2\" content=\"Est. tempo de leitura\" \/>\n\t<meta name=\"twitter:data2\" content=\"3 minutos\" \/>\n<script type=\"application\/ld+json\" class=\"yoast-schema-graph\">{\"@context\":\"https:\/\/schema.org\",\"@graph\":[{\"@type\":\"Article\",\"@id\":\"https:\/\/www.planocde.com.br\/pt\/frm-iet-e-fundacao-arymax\/#article\",\"isPartOf\":{\"@id\":\"https:\/\/www.planocde.com.br\/pt\/frm-iet-e-fundacao-arymax\/\"},\"author\":{\"name\":\"planocde\",\"@id\":\"https:\/\/www.planocde.com.br\/pt\/#\/schema\/person\/c1781d9368d896127075274c3f183bd5\"},\"headline\":\"FRM, IET E FUNDA\u00c7\u00c3O ARYMAX\",\"datePublished\":\"2022-10-14T20:05:06+00:00\",\"dateModified\":\"2022-10-18T17:25:42+00:00\",\"mainEntityOfPage\":{\"@id\":\"https:\/\/www.planocde.com.br\/pt\/frm-iet-e-fundacao-arymax\/\"},\"wordCount\":650,\"commentCount\":0,\"publisher\":{\"@id\":\"https:\/\/www.planocde.com.br\/pt\/#organization\"},\"image\":{\"@id\":\"https:\/\/www.planocde.com.br\/pt\/frm-iet-e-fundacao-arymax\/#primaryimage\"},\"thumbnailUrl\":\"https:\/\/www.planocde.com.br\/pt\/wp-content\/uploads\/2022\/02\/case-frm-iet-e-fundacao-ary-max.jpg\",\"articleSection\":[\"Cases\"],\"inLanguage\":\"pt-BR\",\"potentialAction\":[{\"@type\":\"CommentAction\",\"name\":\"Comment\",\"target\":[\"https:\/\/www.planocde.com.br\/pt\/frm-iet-e-fundacao-arymax\/#respond\"]}]},{\"@type\":\"WebPage\",\"@id\":\"https:\/\/www.planocde.com.br\/pt\/frm-iet-e-fundacao-arymax\/\",\"url\":\"https:\/\/www.planocde.com.br\/pt\/frm-iet-e-fundacao-arymax\/\",\"name\":\"FRM, IET E FUNDA\u00c7\u00c3O ARYMAX - Plano CDE\",\"isPartOf\":{\"@id\":\"https:\/\/www.planocde.com.br\/pt\/#website\"},\"primaryImageOfPage\":{\"@id\":\"https:\/\/www.planocde.com.br\/pt\/frm-iet-e-fundacao-arymax\/#primaryimage\"},\"image\":{\"@id\":\"https:\/\/www.planocde.com.br\/pt\/frm-iet-e-fundacao-arymax\/#primaryimage\"},\"thumbnailUrl\":\"https:\/\/www.planocde.com.br\/pt\/wp-content\/uploads\/2022\/02\/case-frm-iet-e-fundacao-ary-max.jpg\",\"datePublished\":\"2022-10-14T20:05:06+00:00\",\"dateModified\":\"2022-10-18T17:25:42+00:00\",\"description\":\"O que pensam os jovens sobre o ensino t\u00e9cnico? - A partir da amostra quantitativa, foram convidados 96 jovens para conversar em trios sobre a escola, seu futuro, anseios e escolhas. Leia os achados da segunda parte dessa pesquisa tamb\u00e9m realizada pelo Plano CDE, a pedido do Ita\u00fa Educa\u00e7\u00e3o e Trabalho e da Funda\u00e7\u00e3o Roberto Marinho.\u00a0\",\"breadcrumb\":{\"@id\":\"https:\/\/www.planocde.com.br\/pt\/frm-iet-e-fundacao-arymax\/#breadcrumb\"},\"inLanguage\":\"pt-BR\",\"potentialAction\":[{\"@type\":\"ReadAction\",\"target\":[\"https:\/\/www.planocde.com.br\/pt\/frm-iet-e-fundacao-arymax\/\"]}]},{\"@type\":\"ImageObject\",\"inLanguage\":\"pt-BR\",\"@id\":\"https:\/\/www.planocde.com.br\/pt\/frm-iet-e-fundacao-arymax\/#primaryimage\",\"url\":\"https:\/\/www.planocde.com.br\/pt\/wp-content\/uploads\/2022\/02\/case-frm-iet-e-fundacao-ary-max.jpg\",\"contentUrl\":\"https:\/\/www.planocde.com.br\/pt\/wp-content\/uploads\/2022\/02\/case-frm-iet-e-fundacao-ary-max.jpg\",\"width\":710,\"height\":419},{\"@type\":\"BreadcrumbList\",\"@id\":\"https:\/\/www.planocde.com.br\/pt\/frm-iet-e-fundacao-arymax\/#breadcrumb\",\"itemListElement\":[{\"@type\":\"ListItem\",\"position\":1,\"name\":\"In\u00edcio\",\"item\":\"https:\/\/www.planocde.com.br\/pt\/\"},{\"@type\":\"ListItem\",\"position\":2,\"name\":\"FRM, IET E FUNDA\u00c7\u00c3O ARYMAX\"}]},{\"@type\":\"WebSite\",\"@id\":\"https:\/\/www.planocde.com.br\/pt\/#website\",\"url\":\"https:\/\/www.planocde.com.br\/pt\/\",\"name\":\"Plano CDE\",\"description\":\"Somos uma empresa de pesquisa e avalia\u00e7\u00e3o de impacto especializada nas fam\u00edlias CDE no Brasil.\",\"publisher\":{\"@id\":\"https:\/\/www.planocde.com.br\/pt\/#organization\"},\"potentialAction\":[{\"@type\":\"SearchAction\",\"target\":{\"@type\":\"EntryPoint\",\"urlTemplate\":\"https:\/\/www.planocde.com.br\/pt\/?s={search_term_string}\"},\"query-input\":{\"@type\":\"PropertyValueSpecification\",\"valueRequired\":true,\"valueName\":\"search_term_string\"}}],\"inLanguage\":\"pt-BR\"},{\"@type\":\"Organization\",\"@id\":\"https:\/\/www.planocde.com.br\/pt\/#organization\",\"name\":\"Plano CDE\",\"url\":\"https:\/\/www.planocde.com.br\/pt\/\",\"logo\":{\"@type\":\"ImageObject\",\"inLanguage\":\"pt-BR\",\"@id\":\"https:\/\/www.planocde.com.br\/pt\/#\/schema\/logo\/image\/\",\"url\":\"https:\/\/www.planocde.com.br\/pt\/wp-content\/uploads\/2022\/11\/logo-cde-facebook.jpg\",\"contentUrl\":\"https:\/\/www.planocde.com.br\/pt\/wp-content\/uploads\/2022\/11\/logo-cde-facebook.jpg\",\"width\":200,\"height\":200,\"caption\":\"Plano CDE\"},\"image\":{\"@id\":\"https:\/\/www.planocde.com.br\/pt\/#\/schema\/logo\/image\/\"}},{\"@type\":\"Person\",\"@id\":\"https:\/\/www.planocde.com.br\/pt\/#\/schema\/person\/c1781d9368d896127075274c3f183bd5\",\"name\":\"planocde\",\"image\":{\"@type\":\"ImageObject\",\"inLanguage\":\"pt-BR\",\"@id\":\"https:\/\/www.planocde.com.br\/pt\/#\/schema\/person\/image\/\",\"url\":\"https:\/\/secure.gravatar.com\/avatar\/51b65ee198be4c14bdf970378c450537638dc62e80b72ce394da4a34333961bf?s=96&d=mm&r=g\",\"contentUrl\":\"https:\/\/secure.gravatar.com\/avatar\/51b65ee198be4c14bdf970378c450537638dc62e80b72ce394da4a34333961bf?s=96&d=mm&r=g\",\"caption\":\"planocde\"}}]}<\/script>\n<!-- \/ Yoast SEO plugin. -->","yoast_head_json":{"title":"FRM, IET E FUNDA\u00c7\u00c3O ARYMAX - Plano CDE","description":"O que pensam os jovens sobre o ensino t\u00e9cnico? - A partir da amostra quantitativa, foram convidados 96 jovens para conversar em trios sobre a escola, seu futuro, anseios e escolhas. Leia os achados da segunda parte dessa pesquisa tamb\u00e9m realizada pelo Plano CDE, a pedido do Ita\u00fa Educa\u00e7\u00e3o e Trabalho e da Funda\u00e7\u00e3o Roberto Marinho.\u00a0","robots":{"index":"index","follow":"follow","max-snippet":"max-snippet:-1","max-image-preview":"max-image-preview:large","max-video-preview":"max-video-preview:-1"},"canonical":"https:\/\/www.planocde.com.br\/pt\/frm-iet-e-fundacao-arymax\/","og_locale":"pt_BR","og_type":"article","og_title":"FRM, IET E FUNDA\u00c7\u00c3O ARYMAX - Plano CDE","og_description":"O que pensam os jovens sobre o ensino t\u00e9cnico? - A partir da amostra quantitativa, foram convidados 96 jovens para conversar em trios sobre a escola, seu futuro, anseios e escolhas. Leia os achados da segunda parte dessa pesquisa tamb\u00e9m realizada pelo Plano CDE, a pedido do Ita\u00fa Educa\u00e7\u00e3o e Trabalho e da Funda\u00e7\u00e3o Roberto Marinho.\u00a0","og_url":"https:\/\/www.planocde.com.br\/pt\/frm-iet-e-fundacao-arymax\/","og_site_name":"Plano CDE","article_published_time":"2022-10-14T20:05:06+00:00","article_modified_time":"2022-10-18T17:25:42+00:00","og_image":[{"width":710,"height":419,"url":"https:\/\/www.planocde.com.br\/pt\/wp-content\/uploads\/2022\/02\/case-frm-iet-e-fundacao-ary-max.jpg","type":"image\/jpeg"}],"author":"planocde","twitter_card":"summary_large_image","twitter_misc":{"Escrito por":"planocde","Est. tempo de leitura":"3 minutos"},"schema":{"@context":"https:\/\/schema.org","@graph":[{"@type":"Article","@id":"https:\/\/www.planocde.com.br\/pt\/frm-iet-e-fundacao-arymax\/#article","isPartOf":{"@id":"https:\/\/www.planocde.com.br\/pt\/frm-iet-e-fundacao-arymax\/"},"author":{"name":"planocde","@id":"https:\/\/www.planocde.com.br\/pt\/#\/schema\/person\/c1781d9368d896127075274c3f183bd5"},"headline":"FRM, IET E FUNDA\u00c7\u00c3O ARYMAX","datePublished":"2022-10-14T20:05:06+00:00","dateModified":"2022-10-18T17:25:42+00:00","mainEntityOfPage":{"@id":"https:\/\/www.planocde.com.br\/pt\/frm-iet-e-fundacao-arymax\/"},"wordCount":650,"commentCount":0,"publisher":{"@id":"https:\/\/www.planocde.com.br\/pt\/#organization"},"image":{"@id":"https:\/\/www.planocde.com.br\/pt\/frm-iet-e-fundacao-arymax\/#primaryimage"},"thumbnailUrl":"https:\/\/www.planocde.com.br\/pt\/wp-content\/uploads\/2022\/02\/case-frm-iet-e-fundacao-ary-max.jpg","articleSection":["Cases"],"inLanguage":"pt-BR","potentialAction":[{"@type":"CommentAction","name":"Comment","target":["https:\/\/www.planocde.com.br\/pt\/frm-iet-e-fundacao-arymax\/#respond"]}]},{"@type":"WebPage","@id":"https:\/\/www.planocde.com.br\/pt\/frm-iet-e-fundacao-arymax\/","url":"https:\/\/www.planocde.com.br\/pt\/frm-iet-e-fundacao-arymax\/","name":"FRM, IET E FUNDA\u00c7\u00c3O ARYMAX - Plano CDE","isPartOf":{"@id":"https:\/\/www.planocde.com.br\/pt\/#website"},"primaryImageOfPage":{"@id":"https:\/\/www.planocde.com.br\/pt\/frm-iet-e-fundacao-arymax\/#primaryimage"},"image":{"@id":"https:\/\/www.planocde.com.br\/pt\/frm-iet-e-fundacao-arymax\/#primaryimage"},"thumbnailUrl":"https:\/\/www.planocde.com.br\/pt\/wp-content\/uploads\/2022\/02\/case-frm-iet-e-fundacao-ary-max.jpg","datePublished":"2022-10-14T20:05:06+00:00","dateModified":"2022-10-18T17:25:42+00:00","description":"O que pensam os jovens sobre o ensino t\u00e9cnico? - A partir da amostra quantitativa, foram convidados 96 jovens para conversar em trios sobre a escola, seu futuro, anseios e escolhas. Leia os achados da segunda parte dessa pesquisa tamb\u00e9m realizada pelo Plano CDE, a pedido do Ita\u00fa Educa\u00e7\u00e3o e Trabalho e da Funda\u00e7\u00e3o Roberto Marinho.\u00a0","breadcrumb":{"@id":"https:\/\/www.planocde.com.br\/pt\/frm-iet-e-fundacao-arymax\/#breadcrumb"},"inLanguage":"pt-BR","potentialAction":[{"@type":"ReadAction","target":["https:\/\/www.planocde.com.br\/pt\/frm-iet-e-fundacao-arymax\/"]}]},{"@type":"ImageObject","inLanguage":"pt-BR","@id":"https:\/\/www.planocde.com.br\/pt\/frm-iet-e-fundacao-arymax\/#primaryimage","url":"https:\/\/www.planocde.com.br\/pt\/wp-content\/uploads\/2022\/02\/case-frm-iet-e-fundacao-ary-max.jpg","contentUrl":"https:\/\/www.planocde.com.br\/pt\/wp-content\/uploads\/2022\/02\/case-frm-iet-e-fundacao-ary-max.jpg","width":710,"height":419},{"@type":"BreadcrumbList","@id":"https:\/\/www.planocde.com.br\/pt\/frm-iet-e-fundacao-arymax\/#breadcrumb","itemListElement":[{"@type":"ListItem","position":1,"name":"In\u00edcio","item":"https:\/\/www.planocde.com.br\/pt\/"},{"@type":"ListItem","position":2,"name":"FRM, IET E FUNDA\u00c7\u00c3O ARYMAX"}]},{"@type":"WebSite","@id":"https:\/\/www.planocde.com.br\/pt\/#website","url":"https:\/\/www.planocde.com.br\/pt\/","name":"Plano CDE","description":"Somos uma empresa de pesquisa e avalia\u00e7\u00e3o de impacto especializada nas fam\u00edlias CDE no Brasil.","publisher":{"@id":"https:\/\/www.planocde.com.br\/pt\/#organization"},"potentialAction":[{"@type":"SearchAction","target":{"@type":"EntryPoint","urlTemplate":"https:\/\/www.planocde.com.br\/pt\/?s={search_term_string}"},"query-input":{"@type":"PropertyValueSpecification","valueRequired":true,"valueName":"search_term_string"}}],"inLanguage":"pt-BR"},{"@type":"Organization","@id":"https:\/\/www.planocde.com.br\/pt\/#organization","name":"Plano CDE","url":"https:\/\/www.planocde.com.br\/pt\/","logo":{"@type":"ImageObject","inLanguage":"pt-BR","@id":"https:\/\/www.planocde.com.br\/pt\/#\/schema\/logo\/image\/","url":"https:\/\/www.planocde.com.br\/pt\/wp-content\/uploads\/2022\/11\/logo-cde-facebook.jpg","contentUrl":"https:\/\/www.planocde.com.br\/pt\/wp-content\/uploads\/2022\/11\/logo-cde-facebook.jpg","width":200,"height":200,"caption":"Plano CDE"},"image":{"@id":"https:\/\/www.planocde.com.br\/pt\/#\/schema\/logo\/image\/"}},{"@type":"Person","@id":"https:\/\/www.planocde.com.br\/pt\/#\/schema\/person\/c1781d9368d896127075274c3f183bd5","name":"planocde","image":{"@type":"ImageObject","inLanguage":"pt-BR","@id":"https:\/\/www.planocde.com.br\/pt\/#\/schema\/person\/image\/","url":"https:\/\/secure.gravatar.com\/avatar\/51b65ee198be4c14bdf970378c450537638dc62e80b72ce394da4a34333961bf?s=96&d=mm&r=g","contentUrl":"https:\/\/secure.gravatar.com\/avatar\/51b65ee198be4c14bdf970378c450537638dc62e80b72ce394da4a34333961bf?s=96&d=mm&r=g","caption":"planocde"}}]}},"_links":{"self":[{"href":"https:\/\/www.planocde.com.br\/pt\/wp-json\/wp\/v2\/posts\/781","targetHints":{"allow":["GET"]}}],"collection":[{"href":"https:\/\/www.planocde.com.br\/pt\/wp-json\/wp\/v2\/posts"}],"about":[{"href":"https:\/\/www.planocde.com.br\/pt\/wp-json\/wp\/v2\/types\/post"}],"author":[{"embeddable":true,"href":"https:\/\/www.planocde.com.br\/pt\/wp-json\/wp\/v2\/users\/2"}],"replies":[{"embeddable":true,"href":"https:\/\/www.planocde.com.br\/pt\/wp-json\/wp\/v2\/comments?post=781"}],"version-history":[{"count":9,"href":"https:\/\/www.planocde.com.br\/pt\/wp-json\/wp\/v2\/posts\/781\/revisions"}],"predecessor-version":[{"id":1514,"href":"https:\/\/www.planocde.com.br\/pt\/wp-json\/wp\/v2\/posts\/781\/revisions\/1514"}],"wp:featuredmedia":[{"embeddable":true,"href":"https:\/\/www.planocde.com.br\/pt\/wp-json\/wp\/v2\/media\/986"}],"wp:attachment":[{"href":"https:\/\/www.planocde.com.br\/pt\/wp-json\/wp\/v2\/media?parent=781"}],"wp:term":[{"taxonomy":"category","embeddable":true,"href":"https:\/\/www.planocde.com.br\/pt\/wp-json\/wp\/v2\/categories?post=781"},{"taxonomy":"post_tag","embeddable":true,"href":"https:\/\/www.planocde.com.br\/pt\/wp-json\/wp\/v2\/tags?post=781"}],"curies":[{"name":"wp","href":"https:\/\/api.w.org\/{rel}","templated":true}]}}