{"id":1480,"date":"2022-10-14T17:08:14","date_gmt":"2022-10-14T20:08:14","guid":{"rendered":"https:\/\/www.planocde.com.br\/pt\/?p=1480"},"modified":"2022-10-14T17:24:30","modified_gmt":"2022-10-14T20:24:30","slug":"fundacao-maria-cecilia-souto-vidigal","status":"publish","type":"post","link":"https:\/\/www.planocde.com.br\/pt\/fundacao-maria-cecilia-souto-vidigal\/","title":{"rendered":"FUNDA\u00c7\u00c3O MARIA CECILIA SOUTO VIDIGAL"},"content":{"rendered":"<p><div class=\"fusion-fullwidth fullwidth-box nonhundred-percent-fullwidth non-hundred-percent-height-scrolling\"  style='background-color: rgba(255,255,255,0);background-position: center center;background-repeat: no-repeat;padding-top:0px;padding-right:0px;padding-bottom:20px;padding-left:0px;'><div class=\"fusion-builder-row fusion-row \"><div  class=\"fusion-layout-column fusion_builder_column fusion_builder_column_1_4  fusion-one-fourth fusion-column-first 1_4\"  style='margin-top:0px;margin-bottom:0px;width:22%; margin-right: 4%;'>\r\n\t\t\t\t\t<div class=\"fusion-column-wrapper\" style=\"padding: 0px 0px 0px 0px;background-position:left top;background-repeat:no-repeat;-webkit-background-size:cover;-moz-background-size:cover;-o-background-size:cover;background-size:cover;\"  data-bg-url=\"\">\r\n\t\t\t\t\t\t<span class=\"fusion-imageframe imageframe-none imageframe-1 hover-type-none\"><img loading=\"lazy\" decoding=\"async\" src=\"https:\/\/www.planocde.com.br\/pt\/wp-content\/uploads\/2022\/10\/c-maria-cecilia.jpg\" width=\"737\" height=\"800\" alt=\"\" title=\"C_maria_cecilia\" class=\"img-responsive wp-image-1483\" srcset=\"https:\/\/www.planocde.com.br\/pt\/wp-content\/uploads\/2022\/10\/c-maria-cecilia-200x217.jpg 200w, https:\/\/www.planocde.com.br\/pt\/wp-content\/uploads\/2022\/10\/c-maria-cecilia-400x434.jpg 400w, https:\/\/www.planocde.com.br\/pt\/wp-content\/uploads\/2022\/10\/c-maria-cecilia-600x651.jpg 600w, https:\/\/www.planocde.com.br\/pt\/wp-content\/uploads\/2022\/10\/c-maria-cecilia.jpg 737w\" sizes=\"auto, (max-width: 800px) 100vw, 737px\" \/><\/span><div class=\"fusion-clearfix\"><\/div>\r\n\r\n\t\t\t\t\t<\/div>\r\n\t\t\t\t<\/div><div  class=\"fusion-layout-column fusion_builder_column fusion_builder_column_3_4  fusion-three-fourth fusion-column-last 3_4\"  style='margin-top:0px;margin-bottom:0px;width:74%'>\r\n\t\t\t\t\t<div class=\"fusion-column-wrapper\" style=\"padding: 0px 0px 0px 0px;background-position:left top;background-repeat:no-repeat;-webkit-background-size:cover;-moz-background-size:cover;-o-background-size:cover;background-size:cover;\"  data-bg-url=\"\">\r\n\t\t\t\t\t\t<div class=\"fusion-text\"><p>A pandemia de covid-19 trouxe impactos profundos na vida das crian\u00e7as brasileiras.<\/p>\n<p>\u00c9 o que revela a pesquisa &#8220;Desigualdades e impactos da covid-19 na aten\u00e7\u00e3o \u00e0 primeira inf\u00e2ncia&#8221;, lan\u00e7ada pela Funda\u00e7\u00e3o Maria Cecilia Souto Vidigal, em parceria com o Ita\u00fa Social e o UNICEF, apoio da UNDIME e do CONGEMAS. Realizada pela Plano CDE e parceria t\u00e9cnica com Fipe, Medicina-USP, Lapope e Quantis.<\/p>\n<p>Os dados e an\u00e1lises mostram os m\u00faltiplos efeitos da pandemia e escancaram desigualdades regionais, de cor\/ra\u00e7a e de aspectos sociais e econ\u00f4micos na aten\u00e7\u00e3o \u00e0s gestantes, crian\u00e7as de 0 a 6 anos e suas fam\u00edlias.<\/p>\n<\/div><div class=\"fusion-clearfix\"><\/div>\r\n\r\n\t\t\t\t\t<\/div>\r\n\t\t\t\t<\/div><\/div><\/div><div class=\"fusion-fullwidth fullwidth-box links-botoes-cases nonhundred-percent-fullwidth non-hundred-percent-height-scrolling\"  style='background-color: rgba(255,255,255,0);background-position: center center;background-repeat: no-repeat;padding-top:0px;padding-right:0px;padding-bottom:20px;padding-left:0px;'><div class=\"fusion-builder-row fusion-row \"><div  class=\"fusion-layout-column fusion_builder_column fusion_builder_column_1_1  fusion-one-full fusion-column-first fusion-column-last 1_1\"  style='margin-top:0px;margin-bottom:0px;'>\r\n\t\t\t\t\t<div class=\"fusion-column-wrapper\" style=\"padding: 0px 0px 0px 0px;background-position:left top;background-repeat:no-repeat;-webkit-background-size:cover;-moz-background-size:cover;-o-background-size:cover;background-size:cover;\"  data-bg-url=\"\">\r\n\t\t\t\t\t\t<div class=\"fusion-text\"><p><strong>PARA CONFERIR O ESTUDO COMPLETO\u00a0<\/strong><a href=\"https:\/\/www.fmcsv.org.br\/pt-BR\/biblioteca\/impactos-covid-2022\/\" target=\"_blank\" rel=\"noopener noreferrer\"><strong>CLIQUE AQUI<\/strong> <img loading=\"lazy\" decoding=\"async\" class=\"alignnone size-full wp-image-258\" src=\"https:\/\/www.planocde.com.br\/pt\/wp-content\/uploads\/2018\/09\/icone-mais.png\" alt=\"\" width=\"22\" height=\"22\" \/><\/a><\/p>\n<\/div><div class=\"fusion-clearfix\"><\/div>\r\n\r\n\t\t\t\t\t<\/div>\r\n\t\t\t\t<\/div><\/div><\/div><\/p>\n","protected":false},"excerpt":{"rendered":"<p>Impactos da Covid-19 na Primeira Inf\u00e2ncia<\/p>\n","protected":false},"author":1,"featured_media":1484,"comment_status":"open","ping_status":"open","sticky":false,"template":"","format":"standard","meta":{"footnotes":"","_links_to":"","_links_to_target":""},"categories":[5],"tags":[],"class_list":["post-1480","post","type-post","status-publish","format-standard","has-post-thumbnail","hentry","category-cases"],"yoast_head":"<!-- This site is optimized with the Yoast SEO plugin v25.9 - https:\/\/yoast.com\/wordpress\/plugins\/seo\/ -->\n<title>FUNDA\u00c7\u00c3O MARIA CECILIA SOUTO VIDIGAL - Plano CDE<\/title>\n<meta name=\"robots\" content=\"index, follow, max-snippet:-1, max-image-preview:large, max-video-preview:-1\" \/>\n<link rel=\"canonical\" href=\"https:\/\/www.planocde.com.br\/pt\/fundacao-maria-cecilia-souto-vidigal\/\" \/>\n<meta property=\"og:locale\" content=\"pt_BR\" \/>\n<meta property=\"og:type\" content=\"article\" \/>\n<meta property=\"og:title\" content=\"FUNDA\u00c7\u00c3O MARIA CECILIA SOUTO VIDIGAL - Plano CDE\" \/>\n<meta property=\"og:description\" content=\"Impactos da Covid-19 na Primeira Inf\u00e2ncia\" \/>\n<meta property=\"og:url\" content=\"https:\/\/www.planocde.com.br\/pt\/fundacao-maria-cecilia-souto-vidigal\/\" \/>\n<meta property=\"og:site_name\" content=\"Plano CDE\" \/>\n<meta property=\"article:published_time\" content=\"2022-10-14T20:08:14+00:00\" \/>\n<meta property=\"article:modified_time\" content=\"2022-10-14T20:24:30+00:00\" \/>\n<meta property=\"og:image\" content=\"https:\/\/www.planocde.com.br\/pt\/wp-content\/uploads\/2022\/10\/case-fundacao-maria-cecilia-souto-vidigal.jpg\" \/>\n\t<meta property=\"og:image:width\" content=\"710\" \/>\n\t<meta property=\"og:image:height\" content=\"419\" \/>\n\t<meta property=\"og:image:type\" content=\"image\/jpeg\" \/>\n<meta name=\"author\" content=\"adminplanocde\" \/>\n<meta name=\"twitter:card\" content=\"summary_large_image\" \/>\n<meta name=\"twitter:label1\" content=\"Escrito por\" \/>\n\t<meta name=\"twitter:data1\" content=\"adminplanocde\" \/>\n\t<meta name=\"twitter:label2\" content=\"Est. tempo de leitura\" \/>\n\t<meta name=\"twitter:data2\" content=\"2 minutos\" \/>\n<script type=\"application\/ld+json\" class=\"yoast-schema-graph\">{\"@context\":\"https:\/\/schema.org\",\"@graph\":[{\"@type\":\"Article\",\"@id\":\"https:\/\/www.planocde.com.br\/pt\/fundacao-maria-cecilia-souto-vidigal\/#article\",\"isPartOf\":{\"@id\":\"https:\/\/www.planocde.com.br\/pt\/fundacao-maria-cecilia-souto-vidigal\/\"},\"author\":{\"name\":\"adminplanocde\",\"@id\":\"https:\/\/www.planocde.com.br\/pt\/#\/schema\/person\/92998f210777e15f7de80fc0e4c49ed2\"},\"headline\":\"FUNDA\u00c7\u00c3O MARIA CECILIA SOUTO VIDIGAL\",\"datePublished\":\"2022-10-14T20:08:14+00:00\",\"dateModified\":\"2022-10-14T20:24:30+00:00\",\"mainEntityOfPage\":{\"@id\":\"https:\/\/www.planocde.com.br\/pt\/fundacao-maria-cecilia-souto-vidigal\/\"},\"wordCount\":660,\"commentCount\":0,\"publisher\":{\"@id\":\"https:\/\/www.planocde.com.br\/pt\/#organization\"},\"image\":{\"@id\":\"https:\/\/www.planocde.com.br\/pt\/fundacao-maria-cecilia-souto-vidigal\/#primaryimage\"},\"thumbnailUrl\":\"https:\/\/www.planocde.com.br\/pt\/wp-content\/uploads\/2022\/10\/case-fundacao-maria-cecilia-souto-vidigal.jpg\",\"articleSection\":[\"Cases\"],\"inLanguage\":\"pt-BR\",\"potentialAction\":[{\"@type\":\"CommentAction\",\"name\":\"Comment\",\"target\":[\"https:\/\/www.planocde.com.br\/pt\/fundacao-maria-cecilia-souto-vidigal\/#respond\"]}]},{\"@type\":\"WebPage\",\"@id\":\"https:\/\/www.planocde.com.br\/pt\/fundacao-maria-cecilia-souto-vidigal\/\",\"url\":\"https:\/\/www.planocde.com.br\/pt\/fundacao-maria-cecilia-souto-vidigal\/\",\"name\":\"FUNDA\u00c7\u00c3O MARIA CECILIA SOUTO VIDIGAL - Plano CDE\",\"isPartOf\":{\"@id\":\"https:\/\/www.planocde.com.br\/pt\/#website\"},\"primaryImageOfPage\":{\"@id\":\"https:\/\/www.planocde.com.br\/pt\/fundacao-maria-cecilia-souto-vidigal\/#primaryimage\"},\"image\":{\"@id\":\"https:\/\/www.planocde.com.br\/pt\/fundacao-maria-cecilia-souto-vidigal\/#primaryimage\"},\"thumbnailUrl\":\"https:\/\/www.planocde.com.br\/pt\/wp-content\/uploads\/2022\/10\/case-fundacao-maria-cecilia-souto-vidigal.jpg\",\"datePublished\":\"2022-10-14T20:08:14+00:00\",\"dateModified\":\"2022-10-14T20:24:30+00:00\",\"breadcrumb\":{\"@id\":\"https:\/\/www.planocde.com.br\/pt\/fundacao-maria-cecilia-souto-vidigal\/#breadcrumb\"},\"inLanguage\":\"pt-BR\",\"potentialAction\":[{\"@type\":\"ReadAction\",\"target\":[\"https:\/\/www.planocde.com.br\/pt\/fundacao-maria-cecilia-souto-vidigal\/\"]}]},{\"@type\":\"ImageObject\",\"inLanguage\":\"pt-BR\",\"@id\":\"https:\/\/www.planocde.com.br\/pt\/fundacao-maria-cecilia-souto-vidigal\/#primaryimage\",\"url\":\"https:\/\/www.planocde.com.br\/pt\/wp-content\/uploads\/2022\/10\/case-fundacao-maria-cecilia-souto-vidigal.jpg\",\"contentUrl\":\"https:\/\/www.planocde.com.br\/pt\/wp-content\/uploads\/2022\/10\/case-fundacao-maria-cecilia-souto-vidigal.jpg\",\"width\":710,\"height\":419},{\"@type\":\"BreadcrumbList\",\"@id\":\"https:\/\/www.planocde.com.br\/pt\/fundacao-maria-cecilia-souto-vidigal\/#breadcrumb\",\"itemListElement\":[{\"@type\":\"ListItem\",\"position\":1,\"name\":\"In\u00edcio\",\"item\":\"https:\/\/www.planocde.com.br\/pt\/\"},{\"@type\":\"ListItem\",\"position\":2,\"name\":\"FUNDA\u00c7\u00c3O MARIA CECILIA SOUTO VIDIGAL\"}]},{\"@type\":\"WebSite\",\"@id\":\"https:\/\/www.planocde.com.br\/pt\/#website\",\"url\":\"https:\/\/www.planocde.com.br\/pt\/\",\"name\":\"Plano CDE\",\"description\":\"Somos uma empresa de pesquisa e avalia\u00e7\u00e3o de impacto especializada nas fam\u00edlias CDE no Brasil.\",\"publisher\":{\"@id\":\"https:\/\/www.planocde.com.br\/pt\/#organization\"},\"potentialAction\":[{\"@type\":\"SearchAction\",\"target\":{\"@type\":\"EntryPoint\",\"urlTemplate\":\"https:\/\/www.planocde.com.br\/pt\/?s={search_term_string}\"},\"query-input\":{\"@type\":\"PropertyValueSpecification\",\"valueRequired\":true,\"valueName\":\"search_term_string\"}}],\"inLanguage\":\"pt-BR\"},{\"@type\":\"Organization\",\"@id\":\"https:\/\/www.planocde.com.br\/pt\/#organization\",\"name\":\"Plano CDE\",\"url\":\"https:\/\/www.planocde.com.br\/pt\/\",\"logo\":{\"@type\":\"ImageObject\",\"inLanguage\":\"pt-BR\",\"@id\":\"https:\/\/www.planocde.com.br\/pt\/#\/schema\/logo\/image\/\",\"url\":\"https:\/\/www.planocde.com.br\/pt\/wp-content\/uploads\/2022\/11\/logo-cde-facebook.jpg\",\"contentUrl\":\"https:\/\/www.planocde.com.br\/pt\/wp-content\/uploads\/2022\/11\/logo-cde-facebook.jpg\",\"width\":200,\"height\":200,\"caption\":\"Plano CDE\"},\"image\":{\"@id\":\"https:\/\/www.planocde.com.br\/pt\/#\/schema\/logo\/image\/\"}},{\"@type\":\"Person\",\"@id\":\"https:\/\/www.planocde.com.br\/pt\/#\/schema\/person\/92998f210777e15f7de80fc0e4c49ed2\",\"name\":\"adminplanocde\",\"image\":{\"@type\":\"ImageObject\",\"inLanguage\":\"pt-BR\",\"@id\":\"https:\/\/www.planocde.com.br\/pt\/#\/schema\/person\/image\/\",\"url\":\"https:\/\/secure.gravatar.com\/avatar\/f1bc92d657eaff91073c227cf30632b24e1e6e2b80d528f7df7a9d78eeac16aa?s=96&d=mm&r=g\",\"contentUrl\":\"https:\/\/secure.gravatar.com\/avatar\/f1bc92d657eaff91073c227cf30632b24e1e6e2b80d528f7df7a9d78eeac16aa?s=96&d=mm&r=g\",\"caption\":\"adminplanocde\"}}]}<\/script>\n<!-- \/ Yoast SEO plugin. -->","yoast_head_json":{"title":"FUNDA\u00c7\u00c3O MARIA CECILIA SOUTO VIDIGAL - Plano CDE","robots":{"index":"index","follow":"follow","max-snippet":"max-snippet:-1","max-image-preview":"max-image-preview:large","max-video-preview":"max-video-preview:-1"},"canonical":"https:\/\/www.planocde.com.br\/pt\/fundacao-maria-cecilia-souto-vidigal\/","og_locale":"pt_BR","og_type":"article","og_title":"FUNDA\u00c7\u00c3O MARIA CECILIA SOUTO VIDIGAL - Plano CDE","og_description":"Impactos da Covid-19 na Primeira Inf\u00e2ncia","og_url":"https:\/\/www.planocde.com.br\/pt\/fundacao-maria-cecilia-souto-vidigal\/","og_site_name":"Plano CDE","article_published_time":"2022-10-14T20:08:14+00:00","article_modified_time":"2022-10-14T20:24:30+00:00","og_image":[{"width":710,"height":419,"url":"https:\/\/www.planocde.com.br\/pt\/wp-content\/uploads\/2022\/10\/case-fundacao-maria-cecilia-souto-vidigal.jpg","type":"image\/jpeg"}],"author":"adminplanocde","twitter_card":"summary_large_image","twitter_misc":{"Escrito por":"adminplanocde","Est. tempo de leitura":"2 minutos"},"schema":{"@context":"https:\/\/schema.org","@graph":[{"@type":"Article","@id":"https:\/\/www.planocde.com.br\/pt\/fundacao-maria-cecilia-souto-vidigal\/#article","isPartOf":{"@id":"https:\/\/www.planocde.com.br\/pt\/fundacao-maria-cecilia-souto-vidigal\/"},"author":{"name":"adminplanocde","@id":"https:\/\/www.planocde.com.br\/pt\/#\/schema\/person\/92998f210777e15f7de80fc0e4c49ed2"},"headline":"FUNDA\u00c7\u00c3O MARIA CECILIA SOUTO VIDIGAL","datePublished":"2022-10-14T20:08:14+00:00","dateModified":"2022-10-14T20:24:30+00:00","mainEntityOfPage":{"@id":"https:\/\/www.planocde.com.br\/pt\/fundacao-maria-cecilia-souto-vidigal\/"},"wordCount":660,"commentCount":0,"publisher":{"@id":"https:\/\/www.planocde.com.br\/pt\/#organization"},"image":{"@id":"https:\/\/www.planocde.com.br\/pt\/fundacao-maria-cecilia-souto-vidigal\/#primaryimage"},"thumbnailUrl":"https:\/\/www.planocde.com.br\/pt\/wp-content\/uploads\/2022\/10\/case-fundacao-maria-cecilia-souto-vidigal.jpg","articleSection":["Cases"],"inLanguage":"pt-BR","potentialAction":[{"@type":"CommentAction","name":"Comment","target":["https:\/\/www.planocde.com.br\/pt\/fundacao-maria-cecilia-souto-vidigal\/#respond"]}]},{"@type":"WebPage","@id":"https:\/\/www.planocde.com.br\/pt\/fundacao-maria-cecilia-souto-vidigal\/","url":"https:\/\/www.planocde.com.br\/pt\/fundacao-maria-cecilia-souto-vidigal\/","name":"FUNDA\u00c7\u00c3O MARIA CECILIA SOUTO VIDIGAL - Plano CDE","isPartOf":{"@id":"https:\/\/www.planocde.com.br\/pt\/#website"},"primaryImageOfPage":{"@id":"https:\/\/www.planocde.com.br\/pt\/fundacao-maria-cecilia-souto-vidigal\/#primaryimage"},"image":{"@id":"https:\/\/www.planocde.com.br\/pt\/fundacao-maria-cecilia-souto-vidigal\/#primaryimage"},"thumbnailUrl":"https:\/\/www.planocde.com.br\/pt\/wp-content\/uploads\/2022\/10\/case-fundacao-maria-cecilia-souto-vidigal.jpg","datePublished":"2022-10-14T20:08:14+00:00","dateModified":"2022-10-14T20:24:30+00:00","breadcrumb":{"@id":"https:\/\/www.planocde.com.br\/pt\/fundacao-maria-cecilia-souto-vidigal\/#breadcrumb"},"inLanguage":"pt-BR","potentialAction":[{"@type":"ReadAction","target":["https:\/\/www.planocde.com.br\/pt\/fundacao-maria-cecilia-souto-vidigal\/"]}]},{"@type":"ImageObject","inLanguage":"pt-BR","@id":"https:\/\/www.planocde.com.br\/pt\/fundacao-maria-cecilia-souto-vidigal\/#primaryimage","url":"https:\/\/www.planocde.com.br\/pt\/wp-content\/uploads\/2022\/10\/case-fundacao-maria-cecilia-souto-vidigal.jpg","contentUrl":"https:\/\/www.planocde.com.br\/pt\/wp-content\/uploads\/2022\/10\/case-fundacao-maria-cecilia-souto-vidigal.jpg","width":710,"height":419},{"@type":"BreadcrumbList","@id":"https:\/\/www.planocde.com.br\/pt\/fundacao-maria-cecilia-souto-vidigal\/#breadcrumb","itemListElement":[{"@type":"ListItem","position":1,"name":"In\u00edcio","item":"https:\/\/www.planocde.com.br\/pt\/"},{"@type":"ListItem","position":2,"name":"FUNDA\u00c7\u00c3O MARIA CECILIA SOUTO VIDIGAL"}]},{"@type":"WebSite","@id":"https:\/\/www.planocde.com.br\/pt\/#website","url":"https:\/\/www.planocde.com.br\/pt\/","name":"Plano CDE","description":"Somos uma empresa de pesquisa e avalia\u00e7\u00e3o de impacto especializada nas fam\u00edlias CDE no Brasil.","publisher":{"@id":"https:\/\/www.planocde.com.br\/pt\/#organization"},"potentialAction":[{"@type":"SearchAction","target":{"@type":"EntryPoint","urlTemplate":"https:\/\/www.planocde.com.br\/pt\/?s={search_term_string}"},"query-input":{"@type":"PropertyValueSpecification","valueRequired":true,"valueName":"search_term_string"}}],"inLanguage":"pt-BR"},{"@type":"Organization","@id":"https:\/\/www.planocde.com.br\/pt\/#organization","name":"Plano CDE","url":"https:\/\/www.planocde.com.br\/pt\/","logo":{"@type":"ImageObject","inLanguage":"pt-BR","@id":"https:\/\/www.planocde.com.br\/pt\/#\/schema\/logo\/image\/","url":"https:\/\/www.planocde.com.br\/pt\/wp-content\/uploads\/2022\/11\/logo-cde-facebook.jpg","contentUrl":"https:\/\/www.planocde.com.br\/pt\/wp-content\/uploads\/2022\/11\/logo-cde-facebook.jpg","width":200,"height":200,"caption":"Plano CDE"},"image":{"@id":"https:\/\/www.planocde.com.br\/pt\/#\/schema\/logo\/image\/"}},{"@type":"Person","@id":"https:\/\/www.planocde.com.br\/pt\/#\/schema\/person\/92998f210777e15f7de80fc0e4c49ed2","name":"adminplanocde","image":{"@type":"ImageObject","inLanguage":"pt-BR","@id":"https:\/\/www.planocde.com.br\/pt\/#\/schema\/person\/image\/","url":"https:\/\/secure.gravatar.com\/avatar\/f1bc92d657eaff91073c227cf30632b24e1e6e2b80d528f7df7a9d78eeac16aa?s=96&d=mm&r=g","contentUrl":"https:\/\/secure.gravatar.com\/avatar\/f1bc92d657eaff91073c227cf30632b24e1e6e2b80d528f7df7a9d78eeac16aa?s=96&d=mm&r=g","caption":"adminplanocde"}}]}},"_links":{"self":[{"href":"https:\/\/www.planocde.com.br\/pt\/wp-json\/wp\/v2\/posts\/1480","targetHints":{"allow":["GET"]}}],"collection":[{"href":"https:\/\/www.planocde.com.br\/pt\/wp-json\/wp\/v2\/posts"}],"about":[{"href":"https:\/\/www.planocde.com.br\/pt\/wp-json\/wp\/v2\/types\/post"}],"author":[{"embeddable":true,"href":"https:\/\/www.planocde.com.br\/pt\/wp-json\/wp\/v2\/users\/1"}],"replies":[{"embeddable":true,"href":"https:\/\/www.planocde.com.br\/pt\/wp-json\/wp\/v2\/comments?post=1480"}],"version-history":[{"count":3,"href":"https:\/\/www.planocde.com.br\/pt\/wp-json\/wp\/v2\/posts\/1480\/revisions"}],"predecessor-version":[{"id":1486,"href":"https:\/\/www.planocde.com.br\/pt\/wp-json\/wp\/v2\/posts\/1480\/revisions\/1486"}],"wp:featuredmedia":[{"embeddable":true,"href":"https:\/\/www.planocde.com.br\/pt\/wp-json\/wp\/v2\/media\/1484"}],"wp:attachment":[{"href":"https:\/\/www.planocde.com.br\/pt\/wp-json\/wp\/v2\/media?parent=1480"}],"wp:term":[{"taxonomy":"category","embeddable":true,"href":"https:\/\/www.planocde.com.br\/pt\/wp-json\/wp\/v2\/categories?post=1480"},{"taxonomy":"post_tag","embeddable":true,"href":"https:\/\/www.planocde.com.br\/pt\/wp-json\/wp\/v2\/tags?post=1480"}],"curies":[{"name":"wp","href":"https:\/\/api.w.org\/{rel}","templated":true}]}}